{"id":1703,"date":"2025-10-22T12:20:56","date_gmt":"2025-10-22T10:20:56","guid":{"rendered":"https:\/\/projects.madineurope.eu\/craeft-community\/?p=1703"},"modified":"2025-10-22T12:56:44","modified_gmt":"2025-10-22T10:56:44","slug":"les-voix-du-verre-craeft-x-cerfav-o1-la-motivation","status":"publish","type":"post","link":"https:\/\/projects.madineurope.eu\/craeft-community\/les-voix-du-verre-craeft-x-cerfav-o1-la-motivation\/","title":{"rendered":"Les voix du verre \u2013 CRAEFT x CERFAV: O1 La motivation"},"content":{"rendered":"\t\t<div data-elementor-type=\"wp-post\" data-elementor-id=\"1703\" class=\"elementor elementor-1703\" data-elementor-post-type=\"post\">\n\t\t\t\t<div class=\"elementor-element elementor-element-fdc6bfe e-flex e-con-boxed e-con e-parent\" data-id=\"fdc6bfe\" data-element_type=\"container\">\n\t\t\t\t\t<div class=\"e-con-inner\">\n\t\t\t\t<div class=\"elementor-element elementor-element-9103a52 elementor-widget elementor-widget-heading\" data-id=\"9103a52\" data-element_type=\"widget\" data-widget_type=\"heading.default\">\n\t\t\t\t<div class=\"elementor-widget-container\">\n\t\t\t\t\t<h4 class=\"elementor-heading-title elementor-size-default\">Qu\u2019est-ce qui pousse de jeunes \u00e9tudiants\u00e0 se lancer dans les m\u00e9tiers d\u2019art ?<\/h4>\t\t\t\t<\/div>\n\t\t\t\t<\/div>\n\t\t\t\t<div class=\"elementor-element elementor-element-53410c2 elementor-widget elementor-widget-text-editor\" data-id=\"53410c2\" data-element_type=\"widget\" data-widget_type=\"text-editor.default\">\n\t\t\t\t<div class=\"elementor-widget-container\">\n\t\t\t\t\t\t\t\t\t<p><span style=\"font-weight: 400\">Dans cet \u00e9pisode, r\u00e9alis\u00e9 au CERFAV, centre d\u2019excellence d\u00e9di\u00e9 au verre, quatre \u00e9tudiants, Marie, Giovanni, Bruno et Paul, partagent leurs parcours et leurs motivations profondes.<\/span><\/p><p><span style=\"font-weight: 400\">Entre reconversion, h\u00e9ritage familial ou simple fascination pour la lumi\u00e8re et la mati\u00e8re, chacun raconte comment le verre s\u2019est impos\u00e9 \u00e0 lui comme une \u00e9vidence. De la d\u00e9couverte fortuite d\u2019un atelier \u00e0 l\u2019\u00e9motion du premier souffle, leurs r\u00e9cits d\u00e9voilent la puissance d\u2019une vocation qui allie savoir-faire, cr\u00e9ativit\u00e9 et passion.<\/span><\/p><p><span style=\"font-weight: 400\">Un voyage au c\u0153ur de l\u2019artisanat, entre transmission et recherche de sens, dans le cadre du projet europ\u00e9en CRAEFT, consacr\u00e9 \u00e0 la red\u00e9couverte des pratiques artisanales et de leur r\u00f4le dans notre monde contemporain.<\/span><\/p>\t\t\t\t\t\t\t\t<\/div>\n\t\t\t\t<\/div>\n\t\t\t\t\t<\/div>\n\t\t\t\t<\/div>\n\t\t<div class=\"elementor-element elementor-element-01bfe1a e-flex e-con-boxed e-con e-parent\" data-id=\"01bfe1a\" data-element_type=\"container\">\n\t\t\t\t\t<div class=\"e-con-inner\">\n\t\t\t\t<div class=\"elementor-element elementor-element-25ab069 elementor-widget elementor-widget-audio\" data-id=\"25ab069\" data-element_type=\"widget\" data-widget_type=\"audio.default\">\n\t\t\t\t<div class=\"elementor-widget-container\">\n\t\t\t\t\t\t\t\t<div class=\"elementor-soundcloud-wrapper\">\n\t\t\t\t<iframe width=\"800\" height=\"200\" frameborder=\"no\" src=\"https:\/\/w.soundcloud.com\/player\/?visual=false&#038;url=https%3A%2F%2Fapi.soundcloud.com%2Ftracks%2F2196113059&#038;show_artwork=true&#038;maxheight=1000&#038;maxwidth=800&#038;auto_play=false&#038;buying=true&#038;liking=true&#038;download=true&#038;sharing=true&#038;show_comments=true&#038;show_playcount=true&#038;show_user=true&#038;color\"><\/iframe>\t\t\t<\/div>\n\t\t\t\t\t\t\t<\/div>\n\t\t\t\t<\/div>\n\t\t\t\t<div class=\"elementor-element elementor-element-892e705 elementor-widget elementor-widget-heading\" data-id=\"892e705\" data-element_type=\"widget\" data-widget_type=\"heading.default\">\n\t\t\t\t<div class=\"elementor-widget-container\">\n\t\t\t\t\t<h4 class=\"elementor-heading-title elementor-size-default\">What drives young students to pursue a career in crafts?<\/h4>\t\t\t\t<\/div>\n\t\t\t\t<\/div>\n\t\t\t\t<div class=\"elementor-element elementor-element-ce2db18 elementor-widget elementor-widget-text-editor\" data-id=\"ce2db18\" data-element_type=\"widget\" data-widget_type=\"text-editor.default\">\n\t\t\t\t<div class=\"elementor-widget-container\">\n\t\t\t\t\t\t\t\t\t<p><span style=\"font-weight: 400\">In this episode, recorded at CERFAV, a centre of excellence dedicated to glassmaking, four students, Marie, Giovanni, Bruno and Paul, share their personal journeys and what truly inspires them.<\/span><\/p><p><span style=\"font-weight: 400\">From career changes and family traditions to a fascination with light and matter, each story reveals how glass became a calling. From the chance encounter with an atelier to the emotion of the first breath through the pipe, their words capture the power of craftsmanship \u2013 a blend of skill, creativity, and passion.<\/span><\/p><p><span style=\"font-weight: 400\">A journey into the heart of contemporary craftsmanship, between transmission and meaning, within the framework of the European project CRAEFT, dedicated to rediscovering and revaluing traditional craft practices in today\u2019s world.<\/span><\/p>\t\t\t\t\t\t\t\t<\/div>\n\t\t\t\t<\/div>\n\t\t\t\t\t<\/div>\n\t\t\t\t<\/div>\n\t\t<div class=\"elementor-element elementor-element-91b0809 e-flex e-con-boxed e-con e-parent\" data-id=\"91b0809\" data-element_type=\"container\">\n\t\t\t\t\t<div class=\"e-con-inner\">\n\t\t\t\t<div class=\"elementor-element elementor-element-f21eb4a elementor-arrows-position-inside elementor-pagination-position-outside elementor-widget elementor-widget-image-carousel\" data-id=\"f21eb4a\" data-element_type=\"widget\" data-settings=\"{&quot;slides_to_show&quot;:&quot;1&quot;,&quot;navigation&quot;:&quot;both&quot;,&quot;autoplay&quot;:&quot;yes&quot;,&quot;pause_on_hover&quot;:&quot;yes&quot;,&quot;pause_on_interaction&quot;:&quot;yes&quot;,&quot;autoplay_speed&quot;:5000,&quot;infinite&quot;:&quot;yes&quot;,&quot;effect&quot;:&quot;slide&quot;,&quot;speed&quot;:500}\" data-widget_type=\"image-carousel.default\">\n\t\t\t\t<div class=\"elementor-widget-container\">\n\t\t\t\t\t\t\t<div class=\"elementor-image-carousel-wrapper swiper\" role=\"region\" aria-roledescription=\"carousel\" aria-label=\"Image Carousel\" dir=\"ltr\">\n\t\t\t<div class=\"elementor-image-carousel swiper-wrapper\" aria-live=\"off\">\n\t\t\t\t\t\t\t\t<div class=\"swiper-slide\" role=\"group\" aria-roledescription=\"slide\" aria-label=\"1 of 4\"><figure class=\"swiper-slide-inner\"><img decoding=\"async\" class=\"swiper-slide-image\" src=\"https:\/\/projects.madineurope.eu\/craeft-community\/wp-content\/uploads\/sites\/14\/2025\/10\/7-1024x702.png\" alt=\"7\" \/><\/figure><\/div><div class=\"swiper-slide\" role=\"group\" aria-roledescription=\"slide\" aria-label=\"2 of 4\"><figure class=\"swiper-slide-inner\"><img decoding=\"async\" class=\"swiper-slide-image\" src=\"https:\/\/projects.madineurope.eu\/craeft-community\/wp-content\/uploads\/sites\/14\/2025\/10\/8-1024x702.png\" alt=\"8\" \/><\/figure><\/div><div class=\"swiper-slide\" role=\"group\" aria-roledescription=\"slide\" aria-label=\"3 of 4\"><figure class=\"swiper-slide-inner\"><img decoding=\"async\" class=\"swiper-slide-image\" src=\"https:\/\/projects.madineurope.eu\/craeft-community\/wp-content\/uploads\/sites\/14\/2025\/10\/9-1024x702.png\" alt=\"9\" \/><\/figure><\/div><div class=\"swiper-slide\" role=\"group\" aria-roledescription=\"slide\" aria-label=\"4 of 4\"><figure class=\"swiper-slide-inner\"><img decoding=\"async\" class=\"swiper-slide-image\" src=\"https:\/\/projects.madineurope.eu\/craeft-community\/wp-content\/uploads\/sites\/14\/2025\/10\/10-1024x702.png\" alt=\"10\" \/><\/figure><\/div>\t\t\t<\/div>\n\t\t\t\t\t\t\t\t\t\t\t\t<div class=\"elementor-swiper-button elementor-swiper-button-prev\" role=\"button\" tabindex=\"0\">\n\t\t\t\t\t\t<svg aria-hidden=\"true\" class=\"e-font-icon-svg e-eicon-chevron-left\" viewBox=\"0 0 1000 1000\" xmlns=\"http:\/\/www.w3.org\/2000\/svg\"><path d=\"M646 125C629 125 613 133 604 142L308 442C296 454 292 471 292 487 292 504 296 521 308 533L604 854C617 867 629 875 646 875 663 875 679 871 692 858 704 846 713 829 713 812 713 796 708 779 692 767L438 487 692 225C700 217 708 204 708 187 708 171 704 154 692 142 675 129 663 125 646 125Z\"><\/path><\/svg>\t\t\t\t\t<\/div>\n\t\t\t\t\t<div class=\"elementor-swiper-button elementor-swiper-button-next\" role=\"button\" tabindex=\"0\">\n\t\t\t\t\t\t<svg aria-hidden=\"true\" class=\"e-font-icon-svg e-eicon-chevron-right\" viewBox=\"0 0 1000 1000\" xmlns=\"http:\/\/www.w3.org\/2000\/svg\"><path d=\"M696 533C708 521 713 504 713 487 713 471 708 454 696 446L400 146C388 133 375 125 354 125 338 125 325 129 313 142 300 154 292 171 292 187 292 204 296 221 308 233L563 492 304 771C292 783 288 800 288 817 288 833 296 850 308 863 321 871 338 875 354 875 371 875 388 867 400 854L696 533Z\"><\/path><\/svg>\t\t\t\t\t<\/div>\n\t\t\t\t\n\t\t\t\t\t\t\t\t\t<div class=\"swiper-pagination\"><\/div>\n\t\t\t\t\t\t\t\t\t<\/div>\n\t\t\t\t\t\t<\/div>\n\t\t\t\t<\/div>\n\t\t\t\t\t<\/div>\n\t\t\t\t<\/div>\n\t\t\t\t<\/div>\n\t\t","protected":false},"excerpt":{"rendered":"<p>Qu\u2019est-ce qui pousse de jeunes \u00e9tudiants\u00e0 se lancer dans les m\u00e9tiers d\u2019art ? Dans cet \u00e9pisode, r\u00e9alis\u00e9 au CERFAV, centre d\u2019excellence d\u00e9di\u00e9 au verre, quatre \u00e9tudiants, Marie, Giovanni, Bruno et Paul, partagent leurs parcours et leurs motivations profondes. Entre reconversion, h\u00e9ritage familial ou simple fascination pour la lumi\u00e8re et la mati\u00e8re, chacun raconte comment le [&hellip;]<\/p>\n","protected":false},"author":13,"featured_media":1714,"comment_status":"open","ping_status":"open","sticky":false,"template":"","format":"standard","meta":{"_bbp_topic_count":0,"_bbp_reply_count":0,"_bbp_total_topic_count":0,"_bbp_total_reply_count":0,"_bbp_voice_count":0,"_bbp_anonymous_reply_count":0,"_bbp_topic_count_hidden":0,"_bbp_reply_count_hidden":0,"_bbp_forum_subforum_count":0,"footnotes":""},"categories":[5],"tags":[],"class_list":["post-1703","post","type-post","status-publish","format-standard","has-post-thumbnail","hentry","category-transmission-training-self-improvement-learning-processes-and-certification"],"_links":{"self":[{"href":"https:\/\/projects.madineurope.eu\/craeft-community\/wp-json\/wp\/v2\/posts\/1703","targetHints":{"allow":["GET"]}}],"collection":[{"href":"https:\/\/projects.madineurope.eu\/craeft-community\/wp-json\/wp\/v2\/posts"}],"about":[{"href":"https:\/\/projects.madineurope.eu\/craeft-community\/wp-json\/wp\/v2\/types\/post"}],"author":[{"embeddable":true,"href":"https:\/\/projects.madineurope.eu\/craeft-community\/wp-json\/wp\/v2\/users\/13"}],"replies":[{"embeddable":true,"href":"https:\/\/projects.madineurope.eu\/craeft-community\/wp-json\/wp\/v2\/comments?post=1703"}],"version-history":[{"count":8,"href":"https:\/\/projects.madineurope.eu\/craeft-community\/wp-json\/wp\/v2\/posts\/1703\/revisions"}],"predecessor-version":[{"id":1720,"href":"https:\/\/projects.madineurope.eu\/craeft-community\/wp-json\/wp\/v2\/posts\/1703\/revisions\/1720"}],"wp:featuredmedia":[{"embeddable":true,"href":"https:\/\/projects.madineurope.eu\/craeft-community\/wp-json\/wp\/v2\/media\/1714"}],"wp:attachment":[{"href":"https:\/\/projects.madineurope.eu\/craeft-community\/wp-json\/wp\/v2\/media?parent=1703"}],"wp:term":[{"taxonomy":"category","embeddable":true,"href":"https:\/\/projects.madineurope.eu\/craeft-community\/wp-json\/wp\/v2\/categories?post=1703"},{"taxonomy":"post_tag","embeddable":true,"href":"https:\/\/projects.madineurope.eu\/craeft-community\/wp-json\/wp\/v2\/tags?post=1703"}],"curies":[{"name":"wp","href":"https:\/\/api.w.org\/{rel}","templated":true}]}}